{"id":3752,"date":"2025-11-21T14:15:55","date_gmt":"2025-11-21T14:15:55","guid":{"rendered":"https:\/\/espaciopvmedia.com\/?p=3752"},"modified":"2025-11-21T14:15:55","modified_gmt":"2025-11-21T14:15:55","slug":"voces-jovenes-llegan-a-puerto-vallarta-para-el-xv-congreso-nacional-universitario-de-debate","status":"publish","type":"post","link":"https:\/\/espaciopvmedia.com\/index.php\/2025\/11\/21\/voces-jovenes-llegan-a-puerto-vallarta-para-el-xv-congreso-nacional-universitario-de-debate\/","title":{"rendered":"Voces j\u00f3venes llegan a Puerto Vallarta para el XV Congreso Nacional Universitario de Debate"},"content":{"rendered":"\n<p>\u2022 <a><\/a>M\u00e1s de 80 j\u00f3venes de distintas universidades del pa\u00eds participan en una reflexi\u00f3n colectiva centrada en Salud Mental y Cultura de Paz<\/p>\n\n\n\n<figure class=\"wp-block-image size-large\"><img fetchpriority=\"high\" decoding=\"async\" width=\"1024\" height=\"683\" src=\"https:\/\/espaciopvmedia.com\/wp-content\/uploads\/2025\/11\/584982438_1405908621538418_1965724196495843540_n-1024x683.jpg\" alt=\"\" class=\"wp-image-3754\" srcset=\"https:\/\/espaciopvmedia.com\/wp-content\/uploads\/2025\/11\/584982438_1405908621538418_1965724196495843540_n-1024x683.jpg 1024w, https:\/\/espaciopvmedia.com\/wp-content\/uploads\/2025\/11\/584982438_1405908621538418_1965724196495843540_n-300x200.jpg 300w, https:\/\/espaciopvmedia.com\/wp-content\/uploads\/2025\/11\/584982438_1405908621538418_1965724196495843540_n-768x512.jpg 768w, https:\/\/espaciopvmedia.com\/wp-content\/uploads\/2025\/11\/584982438_1405908621538418_1965724196495843540_n.jpg 1280w\" sizes=\"(max-width: 1024px) 100vw, 1024px\" \/><\/figure>\n\n\n\n<p>Puerto Vallarta dio inicio este martes al XV Congreso Nacional Universitario de Debate, un encuentro en el que m\u00e1s de 80 j\u00f3venes de diversas universidades del pa\u00eds se re\u00fanen para fortalecer su pensamiento cr\u00edtico y dialogar con apertura. En esta edici\u00f3n, las juventudes abordar\u00e1n temas de la Agenda de Salud Mental y Cultura de Paz mediante debates y talleres de reflexi\u00f3n colectiva.<\/p>\n\n\n\n<p>El presidente municipal Luis Mungu\u00eda Gonz\u00e1lez dio la bienvenida a las y los participantes, destacando que este tipo de espacios refuerzan la vida democr\u00e1tica y forman nuevas generaciones capaces de dialogar, confrontar ideas y construir propuestas. Afirm\u00f3 que Puerto Vallarta seguir\u00e1 impulsando iniciativas que fortalezcan el desarrollo juvenil y fomenten el intercambio acad\u00e9mico entre j\u00f3venes de todo M\u00e9xico.<\/p>\n\n\n\n<p>Por su parte, Alexy Romero, directora ejecutiva de Mar Adentro de M\u00e9xico A.C., asociaci\u00f3n dedicada a impulsar el liderazgo juvenil y la cultura de paz a trav\u00e9s del debate, agradeci\u00f3 al municipio y a instituciones educativas por hacer posible esta edici\u00f3n. Destac\u00f3 la participaci\u00f3n de estudiantes de universidades como UNIVA Puerto Vallarta, Tecnol\u00f3gico de Monterrey, Universidad de Guadalajara y Universidad Aut\u00f3noma de Nayarit, entre otras, en una jornada que busca promover nuevas propuestas de pol\u00edtica p\u00fablica.<\/p>\n\n\n\n<p>Finalmente, el embajador del congreso, C\u00e9sar Aspiros, subray\u00f3 que las juventudes representan a una generaci\u00f3n que quiere ser escuchada.<\/p>\n\n\n\n<p><\/p>\n","protected":false},"excerpt":{"rendered":"<p>\u2022 M\u00e1s de 80 j\u00f3venes de distintas universidades del pa\u00eds participan en una reflexi\u00f3n colectiva centrada en Salud Mental y Cultura de Paz Puerto Vallarta dio inicio este martes al XV Congreso Nacional Universitario de Debate, un encuentro en el que m\u00e1s de 80 j\u00f3venes de diversas universidades del pa\u00eds se re\u00fanen para fortalecer su [&hellip;]<\/p>\n","protected":false},"author":1,"featured_media":3753,"comment_status":"open","ping_status":"closed","sticky":false,"template":"","format":"standard","meta":{"footnotes":""},"categories":[6],"tags":[],"class_list":["post-3752","post","type-post","status-publish","format-standard","has-post-thumbnail","hentry","category-educacion"],"_links":{"self":[{"href":"https:\/\/espaciopvmedia.com\/index.php\/wp-json\/wp\/v2\/posts\/3752","targetHints":{"allow":["GET"]}}],"collection":[{"href":"https:\/\/espaciopvmedia.com\/index.php\/wp-json\/wp\/v2\/posts"}],"about":[{"href":"https:\/\/espaciopvmedia.com\/index.php\/wp-json\/wp\/v2\/types\/post"}],"author":[{"embeddable":true,"href":"https:\/\/espaciopvmedia.com\/index.php\/wp-json\/wp\/v2\/users\/1"}],"replies":[{"embeddable":true,"href":"https:\/\/espaciopvmedia.com\/index.php\/wp-json\/wp\/v2\/comments?post=3752"}],"version-history":[{"count":1,"href":"https:\/\/espaciopvmedia.com\/index.php\/wp-json\/wp\/v2\/posts\/3752\/revisions"}],"predecessor-version":[{"id":3755,"href":"https:\/\/espaciopvmedia.com\/index.php\/wp-json\/wp\/v2\/posts\/3752\/revisions\/3755"}],"wp:featuredmedia":[{"embeddable":true,"href":"https:\/\/espaciopvmedia.com\/index.php\/wp-json\/wp\/v2\/media\/3753"}],"wp:attachment":[{"href":"https:\/\/espaciopvmedia.com\/index.php\/wp-json\/wp\/v2\/media?parent=3752"}],"wp:term":[{"taxonomy":"category","embeddable":true,"href":"https:\/\/espaciopvmedia.com\/index.php\/wp-json\/wp\/v2\/categories?post=3752"},{"taxonomy":"post_tag","embeddable":true,"href":"https:\/\/espaciopvmedia.com\/index.php\/wp-json\/wp\/v2\/tags?post=3752"}],"curies":[{"name":"wp","href":"https:\/\/api.w.org\/{rel}","templated":true}]}}