{"id":1250,"date":"2025-01-16T16:21:55","date_gmt":"2025-01-16T16:21:55","guid":{"rendered":"https:\/\/espaciopvmedia.com\/?p=1250"},"modified":"2025-01-16T16:21:55","modified_gmt":"2025-01-16T16:21:55","slug":"sismo-de-magnitud-6-1-sacude-michoacan-sin-reportes-graves-en-jalisco","status":"publish","type":"post","link":"https:\/\/espaciopvmedia.com\/index.php\/2025\/01\/16\/sismo-de-magnitud-6-1-sacude-michoacan-sin-reportes-graves-en-jalisco\/","title":{"rendered":"Sismo de Magnitud 6.1 Sacude Michoac\u00e1n, Sin Reportes Graves en Jalisco"},"content":{"rendered":"\n<p><a><\/a>La madrugada del 12 de enero, a las 02:37 h, un sismo de magnitud 6.1 se registr\u00f3 a 29 kil\u00f3metros al suroeste de Coalcom\u00e1n, Michoac\u00e1n. El gobernador de Jalisco, <a href=\"https:\/\/www.facebook.com\/PabloLemusN?__cft__[0]=AZVyc7oLcHICwb53gAn9__7U2axPXxaSeKl3Ay1qJtSo7jrFSyRNK5vDjeb6c6NaKlacWsccCOTCBTwptqDUi2NaTUFP82iX-0z6WJKe2VNqvKG3OP6BXnksrHg89E-RVw8jL58l5kitaa5nNMarOiOy3RqJmnxSOhAF05zbXPXyoSZwM8HMGbvP9wVduDi9J24&amp;__tn__=-]K-R\">Pablo Lemus Navarro<\/a>, inform\u00f3 que, tras el temblor, se activaron de inmediato los protocolos de seguridad en el estado.<\/p>\n\n\n\n<figure class=\"wp-block-image size-large\"><img fetchpriority=\"high\" decoding=\"async\" width=\"1024\" height=\"461\" src=\"https:\/\/espaciopvmedia.com\/wp-content\/uploads\/2025\/01\/473187776_1132119598917323_5796540487831608689_n-1024x461.jpg\" alt=\"\" class=\"wp-image-1252\" srcset=\"https:\/\/espaciopvmedia.com\/wp-content\/uploads\/2025\/01\/473187776_1132119598917323_5796540487831608689_n-1024x461.jpg 1024w, https:\/\/espaciopvmedia.com\/wp-content\/uploads\/2025\/01\/473187776_1132119598917323_5796540487831608689_n-300x135.jpg 300w, https:\/\/espaciopvmedia.com\/wp-content\/uploads\/2025\/01\/473187776_1132119598917323_5796540487831608689_n-768x346.jpg 768w, https:\/\/espaciopvmedia.com\/wp-content\/uploads\/2025\/01\/473187776_1132119598917323_5796540487831608689_n.jpg 1080w\" sizes=\"(max-width: 1024px) 100vw, 1024px\" \/><\/figure>\n\n\n\n<p>Se realizaron recorridos de monitoreo por parte de oficiales de las Comandancias Regionales para evaluar da\u00f1os o accidentes, pero hasta el momento no se reportan afectaciones graves en Jalisco.<\/p>\n\n\n\n<p>Lemus reiter\u00f3 que el gobierno sigue trabajando para garantizar la seguridad de la poblaci\u00f3n y record\u00f3 a los ciudadanos que ante cualquier emergencia, deben comunicarse al 911.<\/p>\n","protected":false},"excerpt":{"rendered":"<p>La madrugada del 12 de enero, a las 02:37 h, un sismo de magnitud 6.1 se registr\u00f3 a 29 kil\u00f3metros al suroeste de Coalcom\u00e1n, Michoac\u00e1n. El gobernador de Jalisco, Pablo Lemus Navarro, inform\u00f3 que, tras el temblor, se activaron de inmediato los protocolos de seguridad en el estado. Se realizaron recorridos de monitoreo por parte [&hellip;]<\/p>\n","protected":false},"author":1,"featured_media":1251,"comment_status":"open","ping_status":"closed","sticky":false,"template":"","format":"standard","meta":{"footnotes":""},"categories":[22],"tags":[],"class_list":["post-1250","post","type-post","status-publish","format-standard","has-post-thumbnail","hentry","category-jalisco"],"_links":{"self":[{"href":"https:\/\/espaciopvmedia.com\/index.php\/wp-json\/wp\/v2\/posts\/1250","targetHints":{"allow":["GET"]}}],"collection":[{"href":"https:\/\/espaciopvmedia.com\/index.php\/wp-json\/wp\/v2\/posts"}],"about":[{"href":"https:\/\/espaciopvmedia.com\/index.php\/wp-json\/wp\/v2\/types\/post"}],"author":[{"embeddable":true,"href":"https:\/\/espaciopvmedia.com\/index.php\/wp-json\/wp\/v2\/users\/1"}],"replies":[{"embeddable":true,"href":"https:\/\/espaciopvmedia.com\/index.php\/wp-json\/wp\/v2\/comments?post=1250"}],"version-history":[{"count":1,"href":"https:\/\/espaciopvmedia.com\/index.php\/wp-json\/wp\/v2\/posts\/1250\/revisions"}],"predecessor-version":[{"id":1253,"href":"https:\/\/espaciopvmedia.com\/index.php\/wp-json\/wp\/v2\/posts\/1250\/revisions\/1253"}],"wp:featuredmedia":[{"embeddable":true,"href":"https:\/\/espaciopvmedia.com\/index.php\/wp-json\/wp\/v2\/media\/1251"}],"wp:attachment":[{"href":"https:\/\/espaciopvmedia.com\/index.php\/wp-json\/wp\/v2\/media?parent=1250"}],"wp:term":[{"taxonomy":"category","embeddable":true,"href":"https:\/\/espaciopvmedia.com\/index.php\/wp-json\/wp\/v2\/categories?post=1250"},{"taxonomy":"post_tag","embeddable":true,"href":"https:\/\/espaciopvmedia.com\/index.php\/wp-json\/wp\/v2\/tags?post=1250"}],"curies":[{"name":"wp","href":"https:\/\/api.w.org\/{rel}","templated":true}]}}