{"id":1104,"date":"2024-12-18T16:50:00","date_gmt":"2024-12-18T16:50:00","guid":{"rendered":"https:\/\/espaciopvmedia.com\/?p=1104"},"modified":"2024-12-18T16:50:00","modified_gmt":"2024-12-18T16:50:00","slug":"gobernador-pablo-lemus-se-reune-con-jose-luis-alvarez-pulido-nuevo-presidente-del-supremo-tribunal-de-justicia-de-jalisco","status":"publish","type":"post","link":"https:\/\/espaciopvmedia.com\/index.php\/2024\/12\/18\/gobernador-pablo-lemus-se-reune-con-jose-luis-alvarez-pulido-nuevo-presidente-del-supremo-tribunal-de-justicia-de-jalisco\/","title":{"rendered":"Gobernador Pablo Lemus Se Re\u00fane con Jos\u00e9 Luis \u00c1lvarez Pulido, Nuevo Presidente del Supremo Tribunal de Justicia de Jalisco"},"content":{"rendered":"\n<p><a><\/a>El Gobernador de Jalisco, Pablo Lemus, se reuni\u00f3 con Jos\u00e9 Luis \u00c1lvarez Pulido, quien fue nombrado Presidente del Supremo Tribunal de Justicia del Estado de <a href=\"https:\/\/www.facebook.com\/hashtag\/jalisco?__eep__=6&amp;__cft__[0]=AZXOdMbSP75T0sw3H-1eDcETUW4KZphJgdGVt6ffIzLgBitayjiIk-nckupOCUXH1a1Y3ZMDtTF_tvwpWSOkWeFYFNv-QGUKJONZUUh_JHab4rtUE0XR_zEJ3F497SJ-fpsTSTwUMYqvyiQrrph9R19BkLMCYdfaaKjlnVHnntlRVzDgfExXlgGIVn0oxoG6vSc&amp;__tn__=*NK-R\">#Jalisco<\/a> para el periodo 2025-2026. Lemus destac\u00f3 su confianza en que \u00c1lvarez Pulido desempe\u00f1ar\u00e1 una excelente labor al frente del \u00f3rgano judicial.<\/p>\n\n\n\n<figure class=\"wp-block-image size-large\"><img fetchpriority=\"high\" decoding=\"async\" width=\"1024\" height=\"682\" src=\"https:\/\/espaciopvmedia.com\/wp-content\/uploads\/2024\/12\/470599636_1112239657571984_3965660313895972310_n-1024x682.jpg\" alt=\"\" class=\"wp-image-1106\" srcset=\"https:\/\/espaciopvmedia.com\/wp-content\/uploads\/2024\/12\/470599636_1112239657571984_3965660313895972310_n-1024x682.jpg 1024w, https:\/\/espaciopvmedia.com\/wp-content\/uploads\/2024\/12\/470599636_1112239657571984_3965660313895972310_n-300x200.jpg 300w, https:\/\/espaciopvmedia.com\/wp-content\/uploads\/2024\/12\/470599636_1112239657571984_3965660313895972310_n-768x512.jpg 768w, https:\/\/espaciopvmedia.com\/wp-content\/uploads\/2024\/12\/470599636_1112239657571984_3965660313895972310_n.jpg 1280w\" sizes=\"(max-width: 1024px) 100vw, 1024px\" \/><\/figure>\n\n\n\n<p>El mandatario reiter\u00f3 el compromiso del Gobierno de Jalisco de mantener un di\u00e1logo respetuoso con los diferentes poderes del estado, con el objetivo de fortalecer el sistema judicial y garantizar la justicia para la entidad. Adem\u00e1s, subray\u00f3 la importancia de que el sistema de justicia en Jalisco se convierta en un referente nacional por su fiabilidad y solidez.<\/p>\n","protected":false},"excerpt":{"rendered":"<p>El Gobernador de Jalisco, Pablo Lemus, se reuni\u00f3 con Jos\u00e9 Luis \u00c1lvarez Pulido, quien fue nombrado Presidente del Supremo Tribunal de Justicia del Estado de #Jalisco para el periodo 2025-2026. Lemus destac\u00f3 su confianza en que \u00c1lvarez Pulido desempe\u00f1ar\u00e1 una excelente labor al frente del \u00f3rgano judicial. El mandatario reiter\u00f3 el compromiso del Gobierno de [&hellip;]<\/p>\n","protected":false},"author":1,"featured_media":1105,"comment_status":"open","ping_status":"closed","sticky":false,"template":"","format":"standard","meta":{"footnotes":""},"categories":[22],"tags":[],"class_list":["post-1104","post","type-post","status-publish","format-standard","has-post-thumbnail","hentry","category-jalisco"],"_links":{"self":[{"href":"https:\/\/espaciopvmedia.com\/index.php\/wp-json\/wp\/v2\/posts\/1104","targetHints":{"allow":["GET"]}}],"collection":[{"href":"https:\/\/espaciopvmedia.com\/index.php\/wp-json\/wp\/v2\/posts"}],"about":[{"href":"https:\/\/espaciopvmedia.com\/index.php\/wp-json\/wp\/v2\/types\/post"}],"author":[{"embeddable":true,"href":"https:\/\/espaciopvmedia.com\/index.php\/wp-json\/wp\/v2\/users\/1"}],"replies":[{"embeddable":true,"href":"https:\/\/espaciopvmedia.com\/index.php\/wp-json\/wp\/v2\/comments?post=1104"}],"version-history":[{"count":1,"href":"https:\/\/espaciopvmedia.com\/index.php\/wp-json\/wp\/v2\/posts\/1104\/revisions"}],"predecessor-version":[{"id":1107,"href":"https:\/\/espaciopvmedia.com\/index.php\/wp-json\/wp\/v2\/posts\/1104\/revisions\/1107"}],"wp:featuredmedia":[{"embeddable":true,"href":"https:\/\/espaciopvmedia.com\/index.php\/wp-json\/wp\/v2\/media\/1105"}],"wp:attachment":[{"href":"https:\/\/espaciopvmedia.com\/index.php\/wp-json\/wp\/v2\/media?parent=1104"}],"wp:term":[{"taxonomy":"category","embeddable":true,"href":"https:\/\/espaciopvmedia.com\/index.php\/wp-json\/wp\/v2\/categories?post=1104"},{"taxonomy":"post_tag","embeddable":true,"href":"https:\/\/espaciopvmedia.com\/index.php\/wp-json\/wp\/v2\/tags?post=1104"}],"curies":[{"name":"wp","href":"https:\/\/api.w.org\/{rel}","templated":true}]}}